{"id":11847,"date":"2025-09-26T16:10:35","date_gmt":"2025-09-26T14:10:35","guid":{"rendered":"https:\/\/www.horecabrussels.be\/ongecategoriseerd\/maternite-cotisations-sociales-2\/"},"modified":"2025-11-13T15:28:03","modified_gmt":"2025-11-13T14:28:03","slug":"materniteit-sociale-bijdragen","status":"publish","type":"post","link":"https:\/\/www.horecabrussels.be\/nl\/zaak-beheren\/materniteit-sociale-bijdragen\/","title":{"rendered":"Moederschapsverlof: een duwtje in de rug voor zelfstandigen in 2026"},"content":{"rendered":"\t\t<div data-elementor-type=\"wp-post\" data-elementor-id=\"11847\" class=\"elementor elementor-11847 elementor-10778\" data-elementor-post-type=\"post\">\n\t\t\t\t<div class=\"elementor-element elementor-element-6ce56abf e-flex e-con-boxed e-con e-parent\" data-id=\"6ce56abf\" data-element_type=\"container\" data-e-type=\"container\">\n\t\t\t\t\t<div class=\"e-con-inner\">\n\t\t\t\t<div class=\"elementor-element elementor-element-4a39e948 elementor-widget elementor-widget-text-editor\" data-id=\"4a39e948\" data-element_type=\"widget\" data-e-type=\"widget\" data-widget_type=\"text-editor.default\">\n\t\t\t\t\t\t\t\t\t<p data-start=\"128\" data-end=\"330\">Goed nieuws voor vrouwelijke zelfstandigen, en zeker voor wie in de horeca werkt: vanaf 1 januari 2026 wordt de vrijstelling van sociale bijdragen na de bevalling uitgebreid van \u00e9\u00e9n naar twee kwartalen.<\/p><p data-start=\"332\" data-end=\"567\"><strong data-start=\"332\" data-end=\"371\">Een concrete financi\u00eble verlichting<\/strong><br data-start=\"371\" data-end=\"374\" \/>Tot nu toe konden onderneemsters na een geboorte slechts \u00e9\u00e9n kwartaal worden vrijgesteld van sociale bijdragen. Vanaf 2026 wordt die vrijstelling verdubbeld, zonder verlies van sociale rechten.<\/p><p data-start=\"569\" data-end=\"807\">In de praktijk betekent dit een extra besparing van <strong data-start=\"621\" data-end=\"643\">906 tot 5.193 euro<\/strong>, afhankelijk van het inkomen van de zelfstandige. Een welkom steuntje in een sector waar veel onderneemsters snel weer aan de slag gaan, vaak met een lagere omzet.<\/p><p data-start=\"809\" data-end=\"992\"><strong data-start=\"809\" data-end=\"845\">Positieve impact op het pensioen<\/strong><br data-start=\"845\" data-end=\"848\" \/>Naast de onmiddellijke verlichting heeft deze hervorming ook een langdurig effect. Elk vrijgesteld kwartaal telt voortaan mee voor het pensioen.<\/p><p data-start=\"994\" data-end=\"1251\">Concreet: een zelfstandige met meerdere kinderen kan zo het equivalent van <strong data-start=\"1069\" data-end=\"1107\">\u00e9\u00e9n tot twee erkende loopbaanjaren<\/strong> winnen. Dat helpt om het risico op een pensioenkorting \u2014 waar veel zelfstandigen mee geconfronteerd worden \u2014 te beperken of zelfs te vermijden.<\/p><p data-start=\"1253\" data-end=\"1448\"><strong data-start=\"1253\" data-end=\"1305\">Een stap richting meer gelijkheid met werknemers<\/strong><br data-start=\"1305\" data-end=\"1308\" \/>Deze beslissing brengt de rechten van zelfstandigen dichter bij die van loontrekkenden. Ter herinnering: het huidige systeem voorziet al in:<\/p><ul data-start=\"1450\" data-end=\"1615\" data-is-last-node=\"\" data-is-only-node=\"\"><li data-start=\"1450\" data-end=\"1548\"><p data-start=\"1452\" data-end=\"1548\"><strong data-start=\"1452\" data-end=\"1499\">12 weken moederschapsverlof met uitkeringen<\/strong> (ongeveer 10.000 euro bruto voor die periode);<\/p><\/li><li data-start=\"1549\" data-end=\"1615\" data-is-last-node=\"\"><p data-start=\"1551\" data-end=\"1615\" data-is-last-node=\"\"><strong data-start=\"1551\" data-end=\"1574\">105 dienstencheques<\/strong> om de huishoudelijke last te verlichten.<\/p><\/li><\/ul>\t\t\t\t\t\t\t\t<\/div>\n\t\t\t\t\t<\/div>\n\t\t\t\t<\/div>\n\t\t\t\t<\/div>\n\t\t","protected":false},"excerpt":{"rendered":"<p>Goed nieuws voor vrouwelijke zelfstandigen, en zeker voor wie in de horeca werkt: vanaf 1 januari 2026 wordt de vrijstelling van sociale bijdragen na de bevalling uitgebreid van \u00e9\u00e9n naar twee kwartalen. Een concrete financi\u00eble verlichtingTot nu toe konden onderneemsters na een geboorte slechts \u00e9\u00e9n kwartaal worden vrijgesteld van sociale bijdragen. Vanaf 2026 wordt die [&hellip;]<\/p>\n","protected":false},"author":18,"featured_media":11855,"comment_status":"closed","ping_status":"closed","sticky":false,"template":"","format":"standard","meta":{"_acf_changed":false,"inline_featured_image":false,"footnotes":""},"categories":[108,90],"tags":[],"class_list":["post-11847","post","type-post","status-publish","format-standard","has-post-thumbnail","hentry","category-hr-sociaal","category-zaak-beheren"],"acf":[],"yoast_head":"<!-- This site is optimized with the Yoast SEO plugin v27.2 - https:\/\/yoast.com\/product\/yoast-seo-wordpress\/ -->\n<title>Moederschapsverlof voor zelfstandigen: vrijstelling van bijdragen wordt twee kwartalen in 2026 - Horeca Brussels<\/title>\n<meta name=\"description\" content=\"Vanaf 2026 krijgen vrouwelijke zelfstandigen twee kwartalen vrijstelling van sociale bijdragen na een bevalling. Een belangrijke vooruitgang, vooral voor onderneemsters in de horeca.\" \/>\n<meta name=\"robots\" content=\"index, follow, max-snippet:-1, max-image-preview:large, max-video-preview:-1\" \/>\n<link rel=\"canonical\" href=\"https:\/\/www.horecabrussels.be\/nl\/zaak-beheren\/materniteit-sociale-bijdragen\/\" \/>\n<meta property=\"og:locale\" content=\"nl_NL\" \/>\n<meta property=\"og:type\" content=\"article\" \/>\n<meta property=\"og:title\" content=\"Moederschapsverlof voor zelfstandigen: vrijstelling van bijdragen wordt twee kwartalen in 2026 - Horeca Brussels\" \/>\n<meta property=\"og:description\" content=\"Vanaf 2026 krijgen vrouwelijke zelfstandigen twee kwartalen vrijstelling van sociale bijdragen na een bevalling. Een belangrijke vooruitgang, vooral voor onderneemsters in de horeca.\" \/>\n<meta property=\"og:url\" content=\"https:\/\/www.horecabrussels.be\/nl\/zaak-beheren\/materniteit-sociale-bijdragen\/\" \/>\n<meta property=\"og:site_name\" content=\"Horeca Brussels\" \/>\n<meta property=\"article:published_time\" content=\"2025-09-26T14:10:35+00:00\" \/>\n<meta property=\"article:modified_time\" content=\"2025-11-13T14:28:03+00:00\" \/>\n<meta property=\"og:image\" content=\"https:\/\/www.horecabrussels.be\/wp-content\/uploads\/2025\/09\/femme-enceinte1.jpg\" \/>\n\t<meta property=\"og:image:width\" content=\"1400\" \/>\n\t<meta property=\"og:image:height\" content=\"500\" \/>\n\t<meta property=\"og:image:type\" content=\"image\/jpeg\" \/>\n<meta name=\"author\" content=\"Dubar Peggy\" \/>\n<meta name=\"twitter:card\" content=\"summary_large_image\" \/>\n<meta name=\"twitter:label1\" content=\"Geschreven door\" \/>\n\t<meta name=\"twitter:data1\" content=\"Dubar Peggy\" \/>\n\t<meta name=\"twitter:label2\" content=\"Geschatte leestijd\" \/>\n\t<meta name=\"twitter:data2\" content=\"2 minuten\" \/>\n<script type=\"application\/ld+json\" class=\"yoast-schema-graph\">{\"@context\":\"https:\/\/schema.org\",\"@graph\":[{\"@type\":\"Article\",\"@id\":\"https:\/\/www.horecabrussels.be\/nl\/zaak-beheren\/materniteit-sociale-bijdragen\/#article\",\"isPartOf\":{\"@id\":\"https:\/\/www.horecabrussels.be\/nl\/zaak-beheren\/materniteit-sociale-bijdragen\/\"},\"author\":{\"name\":\"Dubar Peggy\",\"@id\":\"https:\/\/www.horecabrussels.be\/nl\/#\/schema\/person\/8e2db3cef1be8818fde54ed5df0b884a\"},\"headline\":\"Moederschapsverlof: een duwtje in de rug voor zelfstandigen in 2026\",\"datePublished\":\"2025-09-26T14:10:35+00:00\",\"dateModified\":\"2025-11-13T14:28:03+00:00\",\"mainEntityOfPage\":{\"@id\":\"https:\/\/www.horecabrussels.be\/nl\/zaak-beheren\/materniteit-sociale-bijdragen\/\"},\"wordCount\":214,\"publisher\":{\"@id\":\"https:\/\/www.horecabrussels.be\/nl\/#organization\"},\"image\":{\"@id\":\"https:\/\/www.horecabrussels.be\/nl\/zaak-beheren\/materniteit-sociale-bijdragen\/#primaryimage\"},\"thumbnailUrl\":\"https:\/\/www.horecabrussels.be\/wp-content\/uploads\/2025\/09\/femme-enceinte1.jpg\",\"articleSection\":[\"HR en Sociaal\",\"Mijn zaak beheren\"],\"inLanguage\":\"nl-NL\"},{\"@type\":\"WebPage\",\"@id\":\"https:\/\/www.horecabrussels.be\/nl\/zaak-beheren\/materniteit-sociale-bijdragen\/\",\"url\":\"https:\/\/www.horecabrussels.be\/nl\/zaak-beheren\/materniteit-sociale-bijdragen\/\",\"name\":\"Moederschapsverlof voor zelfstandigen: vrijstelling van bijdragen wordt twee kwartalen in 2026 - Horeca Brussels\",\"isPartOf\":{\"@id\":\"https:\/\/www.horecabrussels.be\/nl\/#website\"},\"primaryImageOfPage\":{\"@id\":\"https:\/\/www.horecabrussels.be\/nl\/zaak-beheren\/materniteit-sociale-bijdragen\/#primaryimage\"},\"image\":{\"@id\":\"https:\/\/www.horecabrussels.be\/nl\/zaak-beheren\/materniteit-sociale-bijdragen\/#primaryimage\"},\"thumbnailUrl\":\"https:\/\/www.horecabrussels.be\/wp-content\/uploads\/2025\/09\/femme-enceinte1.jpg\",\"datePublished\":\"2025-09-26T14:10:35+00:00\",\"dateModified\":\"2025-11-13T14:28:03+00:00\",\"description\":\"Vanaf 2026 krijgen vrouwelijke zelfstandigen twee kwartalen vrijstelling van sociale bijdragen na een bevalling. Een belangrijke vooruitgang, vooral voor onderneemsters in de horeca.\",\"breadcrumb\":{\"@id\":\"https:\/\/www.horecabrussels.be\/nl\/zaak-beheren\/materniteit-sociale-bijdragen\/#breadcrumb\"},\"inLanguage\":\"nl-NL\",\"potentialAction\":[{\"@type\":\"ReadAction\",\"target\":[\"https:\/\/www.horecabrussels.be\/nl\/zaak-beheren\/materniteit-sociale-bijdragen\/\"]}]},{\"@type\":\"ImageObject\",\"inLanguage\":\"nl-NL\",\"@id\":\"https:\/\/www.horecabrussels.be\/nl\/zaak-beheren\/materniteit-sociale-bijdragen\/#primaryimage\",\"url\":\"https:\/\/www.horecabrussels.be\/wp-content\/uploads\/2025\/09\/femme-enceinte1.jpg\",\"contentUrl\":\"https:\/\/www.horecabrussels.be\/wp-content\/uploads\/2025\/09\/femme-enceinte1.jpg\",\"width\":1400,\"height\":500,\"caption\":\"femme enceinte en consultation medicale\"},{\"@type\":\"BreadcrumbList\",\"@id\":\"https:\/\/www.horecabrussels.be\/nl\/zaak-beheren\/materniteit-sociale-bijdragen\/#breadcrumb\",\"itemListElement\":[{\"@type\":\"ListItem\",\"position\":1,\"name\":\"Accueil\",\"item\":\"https:\/\/www.horecabrussels.be\/nl\/\"},{\"@type\":\"ListItem\",\"position\":2,\"name\":\"Mijn zaak beheren\",\"item\":\"https:\/\/www.horecabrussels.be\/nl\/zaak-beheren\/\"},{\"@type\":\"ListItem\",\"position\":3,\"name\":\"Moederschapsverlof: een duwtje in de rug voor zelfstandigen in 2026\"}]},{\"@type\":\"WebSite\",\"@id\":\"https:\/\/www.horecabrussels.be\/nl\/#website\",\"url\":\"https:\/\/www.horecabrussels.be\/nl\/\",\"name\":\"Horeca Brussels\",\"description\":\"Votre m\u00e9tier, notre mission\",\"publisher\":{\"@id\":\"https:\/\/www.horecabrussels.be\/nl\/#organization\"},\"potentialAction\":[{\"@type\":\"SearchAction\",\"target\":{\"@type\":\"EntryPoint\",\"urlTemplate\":\"https:\/\/www.horecabrussels.be\/nl\/?s={search_term_string}\"},\"query-input\":{\"@type\":\"PropertyValueSpecification\",\"valueRequired\":true,\"valueName\":\"search_term_string\"}}],\"inLanguage\":\"nl-NL\"},{\"@type\":\"Organization\",\"@id\":\"https:\/\/www.horecabrussels.be\/nl\/#organization\",\"name\":\"Horeca Brussels\",\"url\":\"https:\/\/www.horecabrussels.be\/nl\/\",\"logo\":{\"@type\":\"ImageObject\",\"inLanguage\":\"nl-NL\",\"@id\":\"https:\/\/www.horecabrussels.be\/nl\/#\/schema\/logo\/image\/\",\"url\":\"https:\/\/www.horecabrussels.be\/wp-content\/uploads\/2025\/06\/logo.svg\",\"contentUrl\":\"https:\/\/www.horecabrussels.be\/wp-content\/uploads\/2025\/06\/logo.svg\",\"width\":178,\"height\":72,\"caption\":\"Horeca Brussels\"},\"image\":{\"@id\":\"https:\/\/www.horecabrussels.be\/nl\/#\/schema\/logo\/image\/\"}},{\"@type\":\"Person\",\"@id\":\"https:\/\/www.horecabrussels.be\/nl\/#\/schema\/person\/8e2db3cef1be8818fde54ed5df0b884a\",\"name\":\"Dubar Peggy\",\"image\":{\"@type\":\"ImageObject\",\"inLanguage\":\"nl-NL\",\"@id\":\"https:\/\/secure.gravatar.com\/avatar\/3797bed5cb00b3782880ba963c79db916de8cc4e1306e22730bcf1c5bb488e54?s=96&d=mm&r=g\",\"url\":\"https:\/\/secure.gravatar.com\/avatar\/3797bed5cb00b3782880ba963c79db916de8cc4e1306e22730bcf1c5bb488e54?s=96&d=mm&r=g\",\"contentUrl\":\"https:\/\/secure.gravatar.com\/avatar\/3797bed5cb00b3782880ba963c79db916de8cc4e1306e22730bcf1c5bb488e54?s=96&d=mm&r=g\",\"caption\":\"Dubar Peggy\"}}]}<\/script>\n<!-- \/ Yoast SEO plugin. -->","yoast_head_json":{"title":"Moederschapsverlof voor zelfstandigen: vrijstelling van bijdragen wordt twee kwartalen in 2026 - Horeca Brussels","description":"Vanaf 2026 krijgen vrouwelijke zelfstandigen twee kwartalen vrijstelling van sociale bijdragen na een bevalling. Een belangrijke vooruitgang, vooral voor onderneemsters in de horeca.","robots":{"index":"index","follow":"follow","max-snippet":"max-snippet:-1","max-image-preview":"max-image-preview:large","max-video-preview":"max-video-preview:-1"},"canonical":"https:\/\/www.horecabrussels.be\/nl\/zaak-beheren\/materniteit-sociale-bijdragen\/","og_locale":"nl_NL","og_type":"article","og_title":"Moederschapsverlof voor zelfstandigen: vrijstelling van bijdragen wordt twee kwartalen in 2026 - Horeca Brussels","og_description":"Vanaf 2026 krijgen vrouwelijke zelfstandigen twee kwartalen vrijstelling van sociale bijdragen na een bevalling. Een belangrijke vooruitgang, vooral voor onderneemsters in de horeca.","og_url":"https:\/\/www.horecabrussels.be\/nl\/zaak-beheren\/materniteit-sociale-bijdragen\/","og_site_name":"Horeca Brussels","article_published_time":"2025-09-26T14:10:35+00:00","article_modified_time":"2025-11-13T14:28:03+00:00","og_image":[{"width":1400,"height":500,"url":"https:\/\/www.horecabrussels.be\/wp-content\/uploads\/2025\/09\/femme-enceinte1.jpg","type":"image\/jpeg"}],"author":"Dubar Peggy","twitter_card":"summary_large_image","twitter_misc":{"Geschreven door":"Dubar Peggy","Geschatte leestijd":"2 minuten"},"schema":{"@context":"https:\/\/schema.org","@graph":[{"@type":"Article","@id":"https:\/\/www.horecabrussels.be\/nl\/zaak-beheren\/materniteit-sociale-bijdragen\/#article","isPartOf":{"@id":"https:\/\/www.horecabrussels.be\/nl\/zaak-beheren\/materniteit-sociale-bijdragen\/"},"author":{"name":"Dubar Peggy","@id":"https:\/\/www.horecabrussels.be\/nl\/#\/schema\/person\/8e2db3cef1be8818fde54ed5df0b884a"},"headline":"Moederschapsverlof: een duwtje in de rug voor zelfstandigen in 2026","datePublished":"2025-09-26T14:10:35+00:00","dateModified":"2025-11-13T14:28:03+00:00","mainEntityOfPage":{"@id":"https:\/\/www.horecabrussels.be\/nl\/zaak-beheren\/materniteit-sociale-bijdragen\/"},"wordCount":214,"publisher":{"@id":"https:\/\/www.horecabrussels.be\/nl\/#organization"},"image":{"@id":"https:\/\/www.horecabrussels.be\/nl\/zaak-beheren\/materniteit-sociale-bijdragen\/#primaryimage"},"thumbnailUrl":"https:\/\/www.horecabrussels.be\/wp-content\/uploads\/2025\/09\/femme-enceinte1.jpg","articleSection":["HR en Sociaal","Mijn zaak beheren"],"inLanguage":"nl-NL"},{"@type":"WebPage","@id":"https:\/\/www.horecabrussels.be\/nl\/zaak-beheren\/materniteit-sociale-bijdragen\/","url":"https:\/\/www.horecabrussels.be\/nl\/zaak-beheren\/materniteit-sociale-bijdragen\/","name":"Moederschapsverlof voor zelfstandigen: vrijstelling van bijdragen wordt twee kwartalen in 2026 - Horeca Brussels","isPartOf":{"@id":"https:\/\/www.horecabrussels.be\/nl\/#website"},"primaryImageOfPage":{"@id":"https:\/\/www.horecabrussels.be\/nl\/zaak-beheren\/materniteit-sociale-bijdragen\/#primaryimage"},"image":{"@id":"https:\/\/www.horecabrussels.be\/nl\/zaak-beheren\/materniteit-sociale-bijdragen\/#primaryimage"},"thumbnailUrl":"https:\/\/www.horecabrussels.be\/wp-content\/uploads\/2025\/09\/femme-enceinte1.jpg","datePublished":"2025-09-26T14:10:35+00:00","dateModified":"2025-11-13T14:28:03+00:00","description":"Vanaf 2026 krijgen vrouwelijke zelfstandigen twee kwartalen vrijstelling van sociale bijdragen na een bevalling. Een belangrijke vooruitgang, vooral voor onderneemsters in de horeca.","breadcrumb":{"@id":"https:\/\/www.horecabrussels.be\/nl\/zaak-beheren\/materniteit-sociale-bijdragen\/#breadcrumb"},"inLanguage":"nl-NL","potentialAction":[{"@type":"ReadAction","target":["https:\/\/www.horecabrussels.be\/nl\/zaak-beheren\/materniteit-sociale-bijdragen\/"]}]},{"@type":"ImageObject","inLanguage":"nl-NL","@id":"https:\/\/www.horecabrussels.be\/nl\/zaak-beheren\/materniteit-sociale-bijdragen\/#primaryimage","url":"https:\/\/www.horecabrussels.be\/wp-content\/uploads\/2025\/09\/femme-enceinte1.jpg","contentUrl":"https:\/\/www.horecabrussels.be\/wp-content\/uploads\/2025\/09\/femme-enceinte1.jpg","width":1400,"height":500,"caption":"femme enceinte en consultation medicale"},{"@type":"BreadcrumbList","@id":"https:\/\/www.horecabrussels.be\/nl\/zaak-beheren\/materniteit-sociale-bijdragen\/#breadcrumb","itemListElement":[{"@type":"ListItem","position":1,"name":"Accueil","item":"https:\/\/www.horecabrussels.be\/nl\/"},{"@type":"ListItem","position":2,"name":"Mijn zaak beheren","item":"https:\/\/www.horecabrussels.be\/nl\/zaak-beheren\/"},{"@type":"ListItem","position":3,"name":"Moederschapsverlof: een duwtje in de rug voor zelfstandigen in 2026"}]},{"@type":"WebSite","@id":"https:\/\/www.horecabrussels.be\/nl\/#website","url":"https:\/\/www.horecabrussels.be\/nl\/","name":"Horeca Brussels","description":"Votre m\u00e9tier, notre mission","publisher":{"@id":"https:\/\/www.horecabrussels.be\/nl\/#organization"},"potentialAction":[{"@type":"SearchAction","target":{"@type":"EntryPoint","urlTemplate":"https:\/\/www.horecabrussels.be\/nl\/?s={search_term_string}"},"query-input":{"@type":"PropertyValueSpecification","valueRequired":true,"valueName":"search_term_string"}}],"inLanguage":"nl-NL"},{"@type":"Organization","@id":"https:\/\/www.horecabrussels.be\/nl\/#organization","name":"Horeca Brussels","url":"https:\/\/www.horecabrussels.be\/nl\/","logo":{"@type":"ImageObject","inLanguage":"nl-NL","@id":"https:\/\/www.horecabrussels.be\/nl\/#\/schema\/logo\/image\/","url":"https:\/\/www.horecabrussels.be\/wp-content\/uploads\/2025\/06\/logo.svg","contentUrl":"https:\/\/www.horecabrussels.be\/wp-content\/uploads\/2025\/06\/logo.svg","width":178,"height":72,"caption":"Horeca Brussels"},"image":{"@id":"https:\/\/www.horecabrussels.be\/nl\/#\/schema\/logo\/image\/"}},{"@type":"Person","@id":"https:\/\/www.horecabrussels.be\/nl\/#\/schema\/person\/8e2db3cef1be8818fde54ed5df0b884a","name":"Dubar Peggy","image":{"@type":"ImageObject","inLanguage":"nl-NL","@id":"https:\/\/secure.gravatar.com\/avatar\/3797bed5cb00b3782880ba963c79db916de8cc4e1306e22730bcf1c5bb488e54?s=96&d=mm&r=g","url":"https:\/\/secure.gravatar.com\/avatar\/3797bed5cb00b3782880ba963c79db916de8cc4e1306e22730bcf1c5bb488e54?s=96&d=mm&r=g","contentUrl":"https:\/\/secure.gravatar.com\/avatar\/3797bed5cb00b3782880ba963c79db916de8cc4e1306e22730bcf1c5bb488e54?s=96&d=mm&r=g","caption":"Dubar Peggy"}}]}},"_links":{"self":[{"href":"https:\/\/www.horecabrussels.be\/nl\/wp-json\/wp\/v2\/posts\/11847","targetHints":{"allow":["GET"]}}],"collection":[{"href":"https:\/\/www.horecabrussels.be\/nl\/wp-json\/wp\/v2\/posts"}],"about":[{"href":"https:\/\/www.horecabrussels.be\/nl\/wp-json\/wp\/v2\/types\/post"}],"author":[{"embeddable":true,"href":"https:\/\/www.horecabrussels.be\/nl\/wp-json\/wp\/v2\/users\/18"}],"replies":[{"embeddable":true,"href":"https:\/\/www.horecabrussels.be\/nl\/wp-json\/wp\/v2\/comments?post=11847"}],"version-history":[{"count":5,"href":"https:\/\/www.horecabrussels.be\/nl\/wp-json\/wp\/v2\/posts\/11847\/revisions"}],"predecessor-version":[{"id":11853,"href":"https:\/\/www.horecabrussels.be\/nl\/wp-json\/wp\/v2\/posts\/11847\/revisions\/11853"}],"wp:featuredmedia":[{"embeddable":true,"href":"https:\/\/www.horecabrussels.be\/nl\/wp-json\/wp\/v2\/media\/11855"}],"wp:attachment":[{"href":"https:\/\/www.horecabrussels.be\/nl\/wp-json\/wp\/v2\/media?parent=11847"}],"wp:term":[{"taxonomy":"category","embeddable":true,"href":"https:\/\/www.horecabrussels.be\/nl\/wp-json\/wp\/v2\/categories?post=11847"},{"taxonomy":"post_tag","embeddable":true,"href":"https:\/\/www.horecabrussels.be\/nl\/wp-json\/wp\/v2\/tags?post=11847"}],"curies":[{"name":"wp","href":"https:\/\/api.w.org\/{rel}","templated":true}]}}